{"headers": {"id": "ID", "periodo": "Per\u00edodo", "titulo": "Mat\u00e9ria", "autor": "Autor", "ementa": "Ementa", "situacao": "Situa\u00e7\u00e3o"}, "results": [{"id": 3187, "periodo": "ordem dia", "titulo": "Projeto de Lei Ordin\u00e1ria n\u00ba 2138 de 2026", "autor": "Poder Executivo Municipal - Prefeito Municipal", "ementa": "Disp\u00f5e sobre autoriza\u00e7\u00e3o de pagamento retroativo de vantagens funcionais suspensas no per\u00edodo da pandemia da Covid-19, nos termos da Lei Complementar Federal 226, de 12 de janeiro de 2026, e d\u00e1 outras provid\u00eancias\r\n\r\n\r\n\r\nPEDIDO DE URGENCIA", "situacao": "N\u00e3o informada"}, {"id": 3196, "periodo": "ordem dia", "titulo": "Projeto de Lei Ordin\u00e1ria n\u00ba 2141 de 2026", "autor": "Poder Executivo Municipal - Prefeito Municipal", "ementa": "Disp\u00f5e sobre a abertura de cr\u00e9dito adicional especial no or\u00e7amento vigente\r\n\r\n\r\nPEDIDO DE URG\u00caNCIA", "situacao": "N\u00e3o informada"}, {"id": 3024, "periodo": "ordem dia", "titulo": "Projeto de Lei CMJN n\u00ba 590 de 2026", "autor": "Celso Feu Corr\u00eaa", "ementa": "Concede T\u00edtulo de Honra ao M\u00e9rito \u00e0 Sra. Raquel da Vit\u00f3ria Batista", "situacao": "Proposi\u00e7\u00e3o distribu\u00edda \u00e0s comiss\u00f5es"}, {"id": 3025, "periodo": "ordem dia", "titulo": "Projeto de Lei CMJN n\u00ba 591 de 2026", "autor": "Celso Feu Corr\u00eaa", "ementa": "Declara cidad\u00e3o jo\u00e3oneivense o Sr. Ronaldo Brito", "situacao": "Proposi\u00e7\u00e3o distribu\u00edda \u00e0s comiss\u00f5es"}, {"id": 3026, "periodo": "ordem dia", "titulo": "Projeto de Lei CMJN n\u00ba 592 de 2026", "autor": "Celso Feu Corr\u00eaa", "ementa": "Declara cidad\u00e3o jo\u00e3oneivense o Sr. Cleber Mota Falc\u00e3o", "situacao": "Proposi\u00e7\u00e3o distribu\u00edda \u00e0s comiss\u00f5es"}, {"id": 3109, "periodo": "ordem dia", "titulo": "Projeto de Lei CMJN n\u00ba 593 de 2026", "autor": "Celso Feu Corr\u00eaa", "ementa": "Concede T\u00edtulo de Honra ao M\u00e9rito ao Sr. Darci Luiz Sarmenghi", "situacao": "Proposi\u00e7\u00e3o distribu\u00edda \u00e0s comiss\u00f5es"}, {"id": 3184, "periodo": "ordem dia", "titulo": "Projeto de Lei CMJN n\u00ba 594 de 2026", "autor": "Waldemar de Barros", "ementa": "Declara cidad\u00e3o jo\u00e3oneivense o Sr. Altaides Guidi", "situacao": "N\u00e3o informada"}, {"id": 3185, "periodo": "ordem dia", "titulo": "Projeto de Lei CMJN n\u00ba 595 de 2026", "autor": "Waldemar de Barros", "ementa": "Concede T\u00edtulo de Honra ao M\u00e9rito ao Dr. Andr\u00e9 Luiz da Silva", "situacao": "N\u00e3o informada"}, {"id": 3186, "periodo": "ordem dia", "titulo": "Projeto de Lei CMJN n\u00ba 596 de 2026", "autor": "Waldemar de Barros", "ementa": "Concede T\u00edtulo de Honra ao M\u00e9rito ao Sr. Iraci Belo", "situacao": "N\u00e3o informada"}, {"id": 3183, "periodo": "ordem dia", "titulo": "Projeto de Lei CMJN n\u00ba 597 de 2026", "autor": "Waldemar de Barros", "ementa": "Concede T\u00edtulo de Honra ao M\u00e9rito ao Sr. Gabriel Ezequiel da Ross Santos", "situacao": "N\u00e3o informada"}, {"id": 3176, "periodo": "ordem dia", "titulo": "Projeto de Lei CMJN n\u00ba 598 de 2026", "autor": "Marcelo Campostrini", "ementa": "Declara cidad\u00e3 jo\u00e3oneivense a Sra. Brenda Oliveira Do Carmo", "situacao": "N\u00e3o informada"}, {"id": 3177, "periodo": "ordem dia", "titulo": "Projeto de Lei CMJN n\u00ba 599 de 2026", "autor": "Marcelo Campostrini", "ementa": "Declara cidad\u00e3o jo\u00e3oneivense o Dr. Rafael Melo Starling Tavares", "situacao": "N\u00e3o informada"}, {"id": 3178, "periodo": "ordem dia", "titulo": "Projeto de Lei CMJN n\u00ba 600 de 2026", "autor": "Marcelo Campostrini", "ementa": "Declara cidad\u00e3 jo\u00e3oneivense a sra. Mirella Pessotti da Vit\u00f3ria", "situacao": "N\u00e3o informada"}, {"id": 3172, "periodo": "ordem dia", "titulo": "Projeto de Lei CMJN n\u00ba 601 de 2026", "autor": "Matheus F\u00e1varo", "ementa": "Declara cidad\u00e3 jo\u00e3oneivense a Sra. Carmem L\u00facia dos Santos Barros", "situacao": "Proposi\u00e7\u00e3o distribu\u00edda \u00e0s comiss\u00f5es"}, {"id": 3173, "periodo": "ordem dia", "titulo": "Projeto de Lei CMJN n\u00ba 602 de 2026", "autor": "Matheus F\u00e1varo", "ementa": "Declara cidad\u00e3o jo\u00e3oneivense o Sr. Indario Sfalsin", "situacao": "Proposi\u00e7\u00e3o distribu\u00edda \u00e0s comiss\u00f5es"}, {"id": 3174, "periodo": "ordem dia", "titulo": "Projeto de Lei CMJN n\u00ba 603 de 2026", "autor": "Matheus F\u00e1varo", "ementa": "Declara cidad\u00e3o jo\u00e3oneivense o Sr. Jaime Ribeiro", "situacao": "Proposi\u00e7\u00e3o distribu\u00edda \u00e0s comiss\u00f5es"}, {"id": 3175, "periodo": "ordem dia", "titulo": "Projeto de Lei CMJN n\u00ba 604 de 2026", "autor": "Matheus F\u00e1varo", "ementa": "Concede T\u00edtulo de Honra ao M\u00e9rito \u00e0 Sra. Claudia Rampinelli Pizza", "situacao": "Proposi\u00e7\u00e3o distribu\u00edda \u00e0s comiss\u00f5es"}, {"id": 3179, "periodo": "ordem dia", "titulo": "Projeto de Lei CMJN n\u00ba 605 de 2026", "autor": "Marcelo Campostrini", "ementa": "Declara cidad\u00e3o jo\u00e3oneivense o Dr. Anderson da Silva Neto", "situacao": "N\u00e3o informada"}, {"id": 3180, "periodo": "ordem dia", "titulo": "Projeto de Lei CMJN n\u00ba 606 de 2026", "autor": "Marcelo Campostrini", "ementa": "Concede T\u00edtulo de Honra ao M\u00e9rito \u00e0 Dra. Helena Delaia Ramos", "situacao": "N\u00e3o informada"}, {"id": 3181, "periodo": "ordem dia", "titulo": "Projeto de Lei CMJN n\u00ba 607 de 2026", "autor": "Waldemar de Barros", "ementa": "Declara cidad\u00e3o jo\u00e3oneivense o Sr. Carlos Alberto Loureiro Vieira", "situacao": "N\u00e3o informada"}, {"id": 3182, "periodo": "ordem dia", "titulo": "Projeto de Lei CMJN n\u00ba 608 de 2026", "autor": "Marcelo Campostrini", "ementa": "Concede T\u00edtulo de Honra ao M\u00e9rito ao Dr. Luiz Cl\u00e1udio Possatto Lyra", "situacao": "N\u00e3o informada"}, {"id": 3193, "periodo": "ordem dia", "titulo": "Projeto de Lei CMJN n\u00ba 609 de 2026", "autor": "Matheus F\u00e1varo", "ementa": "Declara cidad\u00e3o jodoneivense o Sr. Wdson Marcos Santos Pimenta", "situacao": "N\u00e3o informada"}, {"id": 3194, "periodo": "ordem dia", "titulo": "Projeto de Lei CMJN n\u00ba 610 de 2026", "autor": "Matheus F\u00e1varo", "ementa": "Declara cidad\u00e3o jo\u00e3oneivense o Sr. Ronaldo Martins", "situacao": "N\u00e3o informada"}, {"id": 3201, "periodo": "ordem dia", "titulo": "Projeto de Lei CMJN n\u00ba 611 de 2026", "autor": "Celso Guzzo", "ementa": "Declara cidad\u00e3o jo\u00e3oneivense o sr. Jefyson Silva Loureiro.", "situacao": "N\u00e3o informada"}, {"id": 3208, "periodo": "ordem dia", "titulo": "Projeto de Lei CMJN n\u00ba 612 de 2026", "autor": "Cl\u00e1udia Bernadete Silv\u00e9rio da Silva", "ementa": "Declara cidad\u00e3 joaoneivense a sra. Cec\u00edlia Hentriger Rocha", "situacao": "N\u00e3o informada"}, {"id": 3197, "periodo": "ordem dia", "titulo": "Projeto de Lei CMJN n\u00ba 613 de 2026", "autor": "Cl\u00e1udia Bernadete Silv\u00e9rio da Silva", "ementa": "Declara cidad\u00e3 jo\u00e3oneivense a sra. Luzimar Vieira da Rocha", "situacao": "N\u00e3o informada"}, {"id": 3198, "periodo": "ordem dia", "titulo": "Projeto de Lei CMJN n\u00ba 614 de 2026", "autor": "Cl\u00e1udia Bernadete Silv\u00e9rio da Silva", "ementa": "Declara cidad\u00e3o jo\u00e3oneivense o sr. Edson Pereira da Silva Junior", "situacao": "N\u00e3o informada"}, {"id": 3202, "periodo": "ordem dia", "titulo": "Projeto de Lei CMJN n\u00ba 615 de 2026", "autor": "Cl\u00e1udia Bernadete Silv\u00e9rio da Silva", "ementa": "Declara cidad\u00e3o jo\u00e3oneivense o sr> Sebasti\u00e3o Fl\u00e1vio Xavier de Jesus.", "situacao": "N\u00e3o informada"}, {"id": 3199, "periodo": "ordem dia", "titulo": "Projeto de Lei CMJN n\u00ba 616 de 2026", "autor": "Cl\u00e1udia Bernadete Silv\u00e9rio da Silva", "ementa": "Concede T\u00edtulo de Honra ao M\u00e9rito \u00e0 Srta. Juliana Reali Mattos", "situacao": "N\u00e3o informada"}, {"id": 3200, "periodo": "ordem dia", "titulo": "Projeto de Lei CMJN n\u00ba 617 de 2026", "autor": "Cl\u00e1udia Bernadete Silv\u00e9rio da Silva", "ementa": "Concede T\u00edtulo de Honra ao M\u00e9rito ao sr. Diego Jo\u00e3o da Piedade Junior", "situacao": "N\u00e3o informada"}, {"id": 3203, "periodo": "ordem dia", "titulo": "Projeto de Lei CMJN n\u00ba 618 de 2026", "autor": "Eraldo Poleze", "ementa": "Declara cidad\u00e3 jo\u00e3oneivense a Sra. Marcela Poleze Rodrigues.", "situacao": "N\u00e3o informada"}, {"id": 3204, "periodo": "ordem dia", "titulo": "Projeto de Lei CMJN n\u00ba 619 de 2026", "autor": "Eraldo Poleze", "ementa": "Declara cidad\u00e3 jo\u00e3oneivense a Sra. Milena Zucolotto.", "situacao": "N\u00e3o informada"}, {"id": 3205, "periodo": "ordem dia", "titulo": "Projeto de Lei CMJN n\u00ba 620 de 2026", "autor": "Eraldo Poleze", "ementa": "Concede t\u00edtulo de honra ao m\u00e9rito \u00e0 Sra. Edna Zucolotto Poleze", "situacao": "N\u00e3o informada"}, {"id": 3206, "periodo": "ordem dia", "titulo": "Projeto de Lei CMJN n\u00ba 621 de 2026", "autor": "Eraldo Poleze", "ementa": "Concede t\u00edtulo de honra ao m\u00e9rito \u00e0 Sra. Luzinete Casotti Baptista", "situacao": "N\u00e3o informada"}, {"id": 3207, "periodo": "ordem dia", "titulo": "Projeto de Lei CMJN n\u00ba 622 de 2026", "autor": "Eraldo Poleze", "ementa": "Concede t\u00edtulo de honra ao m\u00e9rito ao Sr. Juarez Ant\u00f4nio Poleze", "situacao": "N\u00e3o informada"}, {"id": 3209, "periodo": "ordem dia", "titulo": "Projeto de Lei CMJN n\u00ba 623 de 2026", "autor": "Mario Reali", "ementa": "Declara cidad\u00e3o joaoneivense o sr. Nicollas NEves Soares", "situacao": "N\u00e3o informada"}, {"id": 3210, "periodo": "ordem dia", "titulo": "Projeto de Lei CMJN n\u00ba 624 de 2026", "autor": "Mario Reali", "ementa": "Declara cidad\u00e3o joaoneivense o Dr. Brian Cerri Guzzo", "situacao": "N\u00e3o informada"}, {"id": 3211, "periodo": "ordem dia", "titulo": "Projeto de Lei CMJN n\u00ba 625 de 2026", "autor": "Mario Reali", "ementa": "Declara cidad\u00e3o joaoneivense o sr. Alberto Trofa Neto Bitti", "situacao": "N\u00e3o informada"}, {"id": 3212, "periodo": "ordem dia", "titulo": "Projeto de Lei CMJN n\u00ba 626 de 2026", "autor": "Eraldo Poleze", "ementa": "Declara cidad\u00e3 joaoneivense a sra. Maria Emanuela Alves Pedroso", "situacao": "N\u00e3o informada"}, {"id": 3188, "periodo": "ordem dia", "titulo": "Projeto de Lei Ordin\u00e1ria n\u00ba 2139 de 2026", "autor": "Poder Executivo Municipal - Prefeito Municipal", "ementa": "Disp\u00f5e sobre a regulamenta\u00e7\u00e3o do desfile c\u00edvico no Munic\u00edpio de Jo\u00e3o Neiva", "situacao": "N\u00e3o informada"}, {"id": 3023, "periodo": "ordem dia", "titulo": "Projeto de Resolu\u00e7\u00e3o n\u00ba 2 de 2026", "autor": "Mesa Diretora - MDir", "ementa": "Define e cria procedimentos relacionados a contagem de tempo de servi\u00e7o, aquisi\u00e7\u00e3o de vantagens funcionais e reflexos financeiros", "situacao": "Proposi\u00e7\u00e3o distribu\u00edda \u00e0s comiss\u00f5es"}]}