{"id":2918,"__str__":"Mo\u00e7\u00e3o n\u00ba 1 de 2026","link_detail_backend":"/materia/2918","metadata":{"signs":{"texto_original":{}}},"numero":1,"ano":2026,"numero_protocolo":null,"data_apresentacao":"2026-02-09","tipo_apresentacao":"","data_publicacao":null,"numero_origem_externa":"","ano_origem_externa":null,"data_origem_externa":null,"apelido":"","dias_prazo":null,"data_fim_prazo":null,"em_tramitacao":false,"polemica":false,"objeto":"","complementar":false,"ementa":"Mo\u00e7\u00e3o de Congratula\u00e7\u00f5es \u00e0s docentes Cl\u00e1udia Aparecida Piona Equer Bobbio e Francine Rosa Chaves Cecato, selecionadas para representar o Munic\u00edpio de Jo\u00e3o Neiva no 2\u00ba Semin\u00e1rio Regional de Pr\u00e1ticas Pedag\u00f3gicas Exitosas do MDC/PAES \u2013 2025","indexacao":"","observacao":"","resultado":"","texto_original":"http://sapl.joaoneiva.es.leg.br/media/sapl/public/materialegislativa/2026/2918/001-2026-matheus-praticas_exitosas.pdf","data_ultima_atualizacao":"2026-02-25T11:24:17.229928-03:00","ip":"189.84.222.102","ultima_edicao":"2026-02-25T11:24:16.351688-03:00","tipo":7,"regime_tramitacao":1,"tipo_origem_externa":null,"local_origem_externa":null,"user":24,"anexadas":[],"autores":[41]}